{"id":47,"date":"2025-02-23T18:46:11","date_gmt":"2025-02-23T18:46:11","guid":{"rendered":"https:\/\/exemplo.lcreativedigital.com.br\/?p=47"},"modified":"2025-02-23T18:51:49","modified_gmt":"2025-02-23T18:51:49","slug":"caminhao-roubado-com-carga-milionaria-e-recuperado-pela-pmpi","status":"publish","type":"post","link":"https:\/\/exemplo.lcreativedigital.com.br\/?p=47","title":{"rendered":"Caminh\u00e3o roubado com carga milion\u00e1ria \u00e9 recuperado pela PMPI"},"content":{"rendered":"\n<p>Um caminh\u00e3o, que transportava medicamentos e produtos eletr\u00f4nicos, foi recuperado pela Pol\u00edcia Militar do Piau\u00ed (PMPI), na noite de s\u00e1bado (22). O autom\u00f3vel, que era acoplado a uma carreta, foi roubado na BR-316, na cidade de Picos (PI).<\/p>\n\n\n\n<p>O condutor do caminh\u00e3o relatou que os criminosos o sequestraram e o amarraram. A v\u00edtima foi deixada pr\u00f3ximo a um posto de combust\u00edvel, na regi\u00e3o da Estaca Zero.<\/p>\n\n\n\n<p>Uma equipe da Pol\u00edcia Militar localizou o ve\u00edculo \u00e0s margens da BR-316, com sinais de arrombamento. A carga tamb\u00e9m foi recuperada.<\/p>\n\n\n\n<p>O tenente-coronel Alves, comandante do Batalh\u00e3o Especial de Policiamento do Interior (BEPI), disse que os criminosos fugiram do local ap\u00f3s perceberem a aproxima\u00e7\u00e3o da pol\u00edcia.<\/p>\n\n\n\n<p>\u201cNa localidade pr\u00f3xima \u00e0 Estaca Zero, eles iam fazer a segunda fase do roubo, que \u00e9 justamente a retirada da carreta do cavalo, que \u00e9 aquela parte da frente que traciona, colocaria outro cavalo e levaria essa carga para um local seguro onde eles iam fazer o transbordo. Foi quando a gente foi acionado, diligenciamos e eles devem ter verificado nossa presen\u00e7a, abandonado a carga e conseguimos localizar o caminh\u00e3o e o caminhoneiro\u201d, explicou.<\/p>\n\n\n\n<p>Fonte: portalclubenews<\/p>\n","protected":false},"excerpt":{"rendered":"<p>Um caminh\u00e3o, que transportava medicamentos e produtos eletr\u00f4nicos, foi recuperado pela Pol\u00edcia Militar do Piau\u00ed (PMPI), na noite de s\u00e1bado (22). O autom\u00f3vel, que era acoplado a uma carreta, foi roubado na BR-316, na cidade de Picos (PI). O condutor do caminh\u00e3o relatou que os criminosos o sequestraram e o amarraram. A v\u00edtima foi deixada [&hellip;]<\/p>\n","protected":false},"author":1,"featured_media":48,"comment_status":"open","ping_status":"open","sticky":false,"template":"","format":"standard","meta":{"footnotes":""},"categories":[5],"tags":[],"class_list":["post-47","post","type-post","status-publish","format-standard","has-post-thumbnail","hentry","category-policial"],"_links":{"self":[{"href":"https:\/\/exemplo.lcreativedigital.com.br\/index.php?rest_route=\/wp\/v2\/posts\/47","targetHints":{"allow":["GET"]}}],"collection":[{"href":"https:\/\/exemplo.lcreativedigital.com.br\/index.php?rest_route=\/wp\/v2\/posts"}],"about":[{"href":"https:\/\/exemplo.lcreativedigital.com.br\/index.php?rest_route=\/wp\/v2\/types\/post"}],"author":[{"embeddable":true,"href":"https:\/\/exemplo.lcreativedigital.com.br\/index.php?rest_route=\/wp\/v2\/users\/1"}],"replies":[{"embeddable":true,"href":"https:\/\/exemplo.lcreativedigital.com.br\/index.php?rest_route=%2Fwp%2Fv2%2Fcomments&post=47"}],"version-history":[{"count":1,"href":"https:\/\/exemplo.lcreativedigital.com.br\/index.php?rest_route=\/wp\/v2\/posts\/47\/revisions"}],"predecessor-version":[{"id":49,"href":"https:\/\/exemplo.lcreativedigital.com.br\/index.php?rest_route=\/wp\/v2\/posts\/47\/revisions\/49"}],"wp:featuredmedia":[{"embeddable":true,"href":"https:\/\/exemplo.lcreativedigital.com.br\/index.php?rest_route=\/wp\/v2\/media\/48"}],"wp:attachment":[{"href":"https:\/\/exemplo.lcreativedigital.com.br\/index.php?rest_route=%2Fwp%2Fv2%2Fmedia&parent=47"}],"wp:term":[{"taxonomy":"category","embeddable":true,"href":"https:\/\/exemplo.lcreativedigital.com.br\/index.php?rest_route=%2Fwp%2Fv2%2Fcategories&post=47"},{"taxonomy":"post_tag","embeddable":true,"href":"https:\/\/exemplo.lcreativedigital.com.br\/index.php?rest_route=%2Fwp%2Fv2%2Ftags&post=47"}],"curies":[{"name":"wp","href":"https:\/\/api.w.org\/{rel}","templated":true}]}}