{"id":44,"date":"2025-02-23T18:44:02","date_gmt":"2025-02-23T18:44:02","guid":{"rendered":"https:\/\/exemplo.lcreativedigital.com.br\/?p=44"},"modified":"2025-02-23T18:44:05","modified_gmt":"2025-02-23T18:44:05","slug":"onibus-escolar-e-apreendido-transportando-membros-de-quadrilha-junina-para-teresina","status":"publish","type":"post","link":"https:\/\/exemplo.lcreativedigital.com.br\/?p=44","title":{"rendered":"\u00d4nibus escolar \u00e9 apreendido transportando membros de quadrilha junina para Teresina"},"content":{"rendered":"\n<p>Um \u00f4nibus escolar foi apreendido pela Pol\u00edcia Rodovi\u00e1ria Federal (PRF), na cidade de Picos (PI), durante fiscaliza\u00e7\u00e3o no km 294, da BR-316. O ve\u00edculo transportava adultos, que se deslocavam \u00e0 capital Teresina, para buscar material para uma quadrilha junina. A apreens\u00e3o aconteceu na manh\u00e3 de s\u00e1bado (22).<\/p>\n\n\n\n<p>Segundo a PRF, o \u00f4nibus pertence \u00e0 Secretaria Municipal da Educa\u00e7\u00e3o de um munic\u00edpio do estado Cear\u00e1 e deveria ser usado para o transporte de estudantes da rede p\u00fablica de ensino. O autom\u00f3vel foi adquirido por meio do programa Caminho da Escola, do Governo Federal.<\/p>\n\n\n\n<p>O condutor do ve\u00edculo, um homem de 30 anos, foi autuado por improbidade administrativa contra os princ\u00edpios da administra\u00e7\u00e3o p\u00fablica. O caso ser\u00e1 encaminhado ao Minist\u00e9rio P\u00fablico do Cear\u00e1 para apura\u00e7\u00e3o de poss\u00edvel desvio de finalidade.<\/p>\n\n\n\n<p>\u201cA PRF alerta que o uso indevido de ve\u00edculos p\u00fablicos configura crime e causa preju\u00edzo ao er\u00e1rio. A fiscaliza\u00e7\u00e3o do uso correto dos recursos p\u00fablicos \u00e9 essencial para garantir a transpar\u00eancia e a efici\u00eancia da administra\u00e7\u00e3o p\u00fablica\u201d, informou a PRF.<\/p>\n\n\n\n<p>Fonte;portalclubenews<\/p>\n","protected":false},"excerpt":{"rendered":"<p>Um \u00f4nibus escolar foi apreendido pela Pol\u00edcia Rodovi\u00e1ria Federal (PRF), na cidade de Picos (PI), durante fiscaliza\u00e7\u00e3o no km 294, da BR-316. O ve\u00edculo transportava adultos, que se deslocavam \u00e0 capital Teresina, para buscar material para uma quadrilha junina. A apreens\u00e3o aconteceu na manh\u00e3 de s\u00e1bado (22). Segundo a PRF, o \u00f4nibus pertence \u00e0 Secretaria [&hellip;]<\/p>\n","protected":false},"author":1,"featured_media":45,"comment_status":"open","ping_status":"open","sticky":false,"template":"","format":"standard","meta":{"footnotes":""},"categories":[1],"tags":[],"class_list":["post-44","post","type-post","status-publish","format-standard","has-post-thumbnail","hentry","category-entretenimento"],"_links":{"self":[{"href":"https:\/\/exemplo.lcreativedigital.com.br\/index.php?rest_route=\/wp\/v2\/posts\/44","targetHints":{"allow":["GET"]}}],"collection":[{"href":"https:\/\/exemplo.lcreativedigital.com.br\/index.php?rest_route=\/wp\/v2\/posts"}],"about":[{"href":"https:\/\/exemplo.lcreativedigital.com.br\/index.php?rest_route=\/wp\/v2\/types\/post"}],"author":[{"embeddable":true,"href":"https:\/\/exemplo.lcreativedigital.com.br\/index.php?rest_route=\/wp\/v2\/users\/1"}],"replies":[{"embeddable":true,"href":"https:\/\/exemplo.lcreativedigital.com.br\/index.php?rest_route=%2Fwp%2Fv2%2Fcomments&post=44"}],"version-history":[{"count":1,"href":"https:\/\/exemplo.lcreativedigital.com.br\/index.php?rest_route=\/wp\/v2\/posts\/44\/revisions"}],"predecessor-version":[{"id":46,"href":"https:\/\/exemplo.lcreativedigital.com.br\/index.php?rest_route=\/wp\/v2\/posts\/44\/revisions\/46"}],"wp:featuredmedia":[{"embeddable":true,"href":"https:\/\/exemplo.lcreativedigital.com.br\/index.php?rest_route=\/wp\/v2\/media\/45"}],"wp:attachment":[{"href":"https:\/\/exemplo.lcreativedigital.com.br\/index.php?rest_route=%2Fwp%2Fv2%2Fmedia&parent=44"}],"wp:term":[{"taxonomy":"category","embeddable":true,"href":"https:\/\/exemplo.lcreativedigital.com.br\/index.php?rest_route=%2Fwp%2Fv2%2Fcategories&post=44"},{"taxonomy":"post_tag","embeddable":true,"href":"https:\/\/exemplo.lcreativedigital.com.br\/index.php?rest_route=%2Fwp%2Fv2%2Ftags&post=44"}],"curies":[{"name":"wp","href":"https:\/\/api.w.org\/{rel}","templated":true}]}}