{"id":41,"date":"2025-02-23T18:38:53","date_gmt":"2025-02-23T18:38:53","guid":{"rendered":"https:\/\/exemplo.lcreativedigital.com.br\/?p=41"},"modified":"2025-02-24T23:33:47","modified_gmt":"2025-02-24T23:33:47","slug":"papa-francisco-ainda-nao-esta-fora-de-perigo-diz-medico","status":"publish","type":"post","link":"https:\/\/exemplo.lcreativedigital.com.br\/?p=41","title":{"rendered":"Papa Francisco ainda n\u00e3o est\u00e1 fora de perigo, diz m\u00e9dico"},"content":{"rendered":"\n<p>O Papa Francisco, de 88 anos, ainda n\u00e3o est\u00e1 fora de perigo, conforme anunciou o m\u00e9dico S\u00e9rgio Alfieri em entrevista divulgada pela R\u00e1dio Vaticano na manh\u00e3 deste s\u00e1bado (22). Ele est\u00e1 internado no&nbsp; no Hospital Gemelli, em Roma, para se recuperar de uma pneumonia bilateral.<img decoding=\"async\" src=\"https:\/\/agenciabrasil.ebc.com.br\/ebc.png?id=1631531&amp;o=node\"><img decoding=\"async\" src=\"https:\/\/agenciabrasil.ebc.com.br\/ebc.gif?id=1631531&amp;o=node\"><\/p>\n\n\n\n<p>De forma contradit\u00f3ria, no entanto, o especialista disse que Francisco n\u00e3o corre risco de morrer.&nbsp;\u201cSe depois voc\u00eas (imprensa) nos perguntam se, neste momento, ele est\u00e1 em perigo de vida, a resposta, de qualquer forma, \u00e9 \u2018n\u00e3o\u2019\u201d, afirmou o m\u00e9dico.<\/p>\n\n\n\n<p>S\u00e9rgio Alfieri explicou, pela manh\u00e3, que o Papa ficar\u00e1 internado pelo&nbsp;tempo que for necess\u00e1rio at\u00e9 poder voltar para casa (Santa Marta) em seguran\u00e7a. O profissional de sa\u00fade acrescentou que seria por pelo menos mais uma semana. Neste s\u00e1bado, inclusive, ele foi do quarto at\u00e9 a capela para rezar por 20 minutos. \u201cEle \u00e9 o Papa, mas tamb\u00e9m \u00e9 um homem (\u2026) Mas se o corpo tem quase 90 anos, a cabe\u00e7a \u00e9 de 60 ou 50\u201d, afirmou o m\u00e9dico, segundo a R\u00e1dio Vaticano.<\/p>\n\n\n\n<h2 class=\"wp-block-heading\">Preocupa\u00e7\u00e3o<\/h2>\n\n\n\n<p>O m\u00e9dico testemunhou aos jornalistas que, ao entrar no quarto de Francisco e saud\u00e1-lo com um \u2018bom dia, santo padre\u2019, recebeu como resposta, \u2018bom dia, santo filho\u2019. A maior preocupa\u00e7\u00e3o da equipe m\u00e9dica \u00e9 o risco de que os germes das vias respirat\u00f3rias entrem na corrente sangu\u00ednea e causem sepse (infec\u00e7\u00e3o que se espalha por outros \u00f3rg\u00e3os do corpo).<\/p>\n\n\n\n<p>Segundo o especialista, Francisco est\u00e1 melhor, levanta-se, l\u00ea, trabalha e assina documentos. Na interna\u00e7\u00e3o, o pont\u00edfice \u00e9 acompanhado por uma equipe de especialistas, incluindo pneumologistas e cardiologistas. De acordo com Alfieri, o Papa pediu aos m\u00e9dicos que n\u00e3o ocultassem nenhuma informa\u00e7\u00e3o sobre seu estado de sa\u00fade.<\/p>\n\n\n\n<p>Com a interna\u00e7\u00e3o, Francisco n\u00e3o far\u00e1 a habitual ora\u00e7\u00e3o dominical com os peregrinos pela segunda semana consecutiva.<\/p>\n\n\n\n<p>Fonte: Ag\u00eancia Brasil com informa\u00e7\u00f5es da Vatican News\u00a0<\/p>\n","protected":false},"excerpt":{"rendered":"<p>O Papa Francisco, de 88 anos, ainda n\u00e3o est\u00e1 fora de perigo, conforme anunciou o m\u00e9dico S\u00e9rgio Alfieri em entrevista divulgada pela R\u00e1dio Vaticano na manh\u00e3 deste s\u00e1bado (22). Ele est\u00e1 internado no&nbsp; no Hospital Gemelli, em Roma, para se recuperar de uma pneumonia bilateral. De forma contradit\u00f3ria, no entanto, o especialista disse que Francisco [&hellip;]<\/p>\n","protected":false},"author":1,"featured_media":114,"comment_status":"open","ping_status":"open","sticky":false,"template":"","format":"standard","meta":{"footnotes":""},"categories":[3],"tags":[22,21],"class_list":["post-41","post","type-post","status-publish","format-standard","has-post-thumbnail","hentry","category-destaques","tag-catolica","tag-religiao"],"_links":{"self":[{"href":"https:\/\/exemplo.lcreativedigital.com.br\/index.php?rest_route=\/wp\/v2\/posts\/41","targetHints":{"allow":["GET"]}}],"collection":[{"href":"https:\/\/exemplo.lcreativedigital.com.br\/index.php?rest_route=\/wp\/v2\/posts"}],"about":[{"href":"https:\/\/exemplo.lcreativedigital.com.br\/index.php?rest_route=\/wp\/v2\/types\/post"}],"author":[{"embeddable":true,"href":"https:\/\/exemplo.lcreativedigital.com.br\/index.php?rest_route=\/wp\/v2\/users\/1"}],"replies":[{"embeddable":true,"href":"https:\/\/exemplo.lcreativedigital.com.br\/index.php?rest_route=%2Fwp%2Fv2%2Fcomments&post=41"}],"version-history":[{"count":1,"href":"https:\/\/exemplo.lcreativedigital.com.br\/index.php?rest_route=\/wp\/v2\/posts\/41\/revisions"}],"predecessor-version":[{"id":43,"href":"https:\/\/exemplo.lcreativedigital.com.br\/index.php?rest_route=\/wp\/v2\/posts\/41\/revisions\/43"}],"wp:featuredmedia":[{"embeddable":true,"href":"https:\/\/exemplo.lcreativedigital.com.br\/index.php?rest_route=\/wp\/v2\/media\/114"}],"wp:attachment":[{"href":"https:\/\/exemplo.lcreativedigital.com.br\/index.php?rest_route=%2Fwp%2Fv2%2Fmedia&parent=41"}],"wp:term":[{"taxonomy":"category","embeddable":true,"href":"https:\/\/exemplo.lcreativedigital.com.br\/index.php?rest_route=%2Fwp%2Fv2%2Fcategories&post=41"},{"taxonomy":"post_tag","embeddable":true,"href":"https:\/\/exemplo.lcreativedigital.com.br\/index.php?rest_route=%2Fwp%2Fv2%2Ftags&post=41"}],"curies":[{"name":"wp","href":"https:\/\/api.w.org\/{rel}","templated":true}]}}