{"id":33,"date":"2025-02-23T18:19:16","date_gmt":"2025-02-23T18:19:16","guid":{"rendered":"https:\/\/exemplo.lcreativedigital.com.br\/?p=33"},"modified":"2025-02-23T18:31:54","modified_gmt":"2025-02-23T18:31:54","slug":"receita-abre-consulta-a-lote-da-malha-fina-do-imposto-de-renda","status":"publish","type":"post","link":"https:\/\/exemplo.lcreativedigital.com.br\/?p=33","title":{"rendered":"Receita abre consulta a lote da malha fina do Imposto de Renda"},"content":{"rendered":"\n<p>Cerca de 106 mil contribuintes que estavam na&nbsp;<strong>malha fina<\/strong>&nbsp;e regularizaram suas pend\u00eancias com o Fisco agora podem saber se ter\u00e3o direito \u00e0&nbsp;<strong>restitui\u00e7\u00e3o<\/strong>. A&nbsp;<strong>Receita Federal<\/strong>&nbsp;libera, \u00e0s 10h desta sexta-feira (21), a consulta ao lote da malha fina de fevereiro. Esse lote tamb\u00e9m inclui&nbsp;<strong>restitui\u00e7\u00f5es residuais<\/strong>&nbsp;de anos anteriores.<\/p>\n\n\n\n<p>No total, 105.919 contribuintes receber\u00e3o R$ 314,38 milh\u00f5es. Deste valor, R$ 211,85 milh\u00f5es ser\u00e3o destinados a contribuintes que t\u00eam prioridade no reembolso.<\/p>\n\n\n\n<p>A lista de prioridades \u00e9 composta da seguinte forma: a maioria, 60.333 contribuintes, forneceu a chave Pix do CPF ou usou a&nbsp;<strong>declara\u00e7\u00e3o pr\u00e9-preenchida<\/strong>. Desde 2023, quem informou a chave Pix tem prioridade no recebimento. Em segundo lugar, est\u00e3o 17.603 contribuintes com idades entre 60 e 79 anos. Em terceiro, 4.272 contribuintes que t\u00eam o magist\u00e9rio como principal fonte de renda. O restante dos priorit\u00e1rios inclui 3.159 idosos acima de 80 anos e 2.505 contribuintes com defici\u00eancia f\u00edsica ou mental, ou mol\u00e9stia grave.<\/p>\n\n\n\n<p>Ainda h\u00e1 18.047 contribuintes que n\u00e3o informaram a chave Pix e n\u00e3o se encaixam em nenhuma das categorias de&nbsp;<strong>prioridade legal<\/strong>.<\/p>\n\n\n\n<p>Para saber se a&nbsp;<strong>restitui\u00e7\u00e3o<\/strong>&nbsp;est\u00e1 dispon\u00edvel, o contribuinte pode consultar a&nbsp;<a href=\"https:\/\/www.gov.br\/receitafederal\/pt-br\" target=\"_blank\" rel=\"noreferrer noopener\">p\u00e1gina da Receita Federal na internet<\/a>. Basta acessar a p\u00e1gina, clicar em &#8220;Meu Imposto de Renda&#8221; e depois em &#8220;Consultar a Restitui\u00e7\u00e3o&#8221;. Tamb\u00e9m \u00e9 poss\u00edvel realizar a consulta pelo&nbsp;<strong>aplicativo da Receita Federal<\/strong>&nbsp;para tablets e smartphones.<\/p>\n\n\n\n<p>O pagamento da restitui\u00e7\u00e3o ser\u00e1 realizado no dia 28 de fevereiro, na&nbsp;<strong>conta banc\u00e1ria ou chave Pix<\/strong>&nbsp;informada na declara\u00e7\u00e3o. Se o contribuinte n\u00e3o estiver na lista, ele deve acessar o&nbsp;<a href=\"https:\/\/cav.receita.fazenda.gov.br\/\" target=\"_blank\" rel=\"noreferrer noopener\">Centro Virtual de Atendimento ao Contribuinte<\/a>&nbsp;e gerar o&nbsp;<strong>extrato da declara\u00e7\u00e3o<\/strong>. Caso haja pend\u00eancia, pode enviar uma&nbsp;<strong>declara\u00e7\u00e3o retificadora<\/strong>&nbsp;e aguardar os pr\u00f3ximos lotes da malha fina.<\/p>\n\n\n\n<p>Se a&nbsp;<strong>restitui\u00e7\u00e3o n\u00e3o for depositada<\/strong>&nbsp;na conta indicada, como uma&nbsp;<strong>conta desativada<\/strong>, os valores ficar\u00e3o dispon\u00edveis para resgate no&nbsp;<strong>Banco do Brasil<\/strong>&nbsp;por at\u00e9&nbsp;<strong>um ano<\/strong>. Nesse caso, o cidad\u00e3o pode agendar o cr\u00e9dito em qualquer conta banc\u00e1ria em seu nome, atrav\u00e9s do&nbsp;<a href=\"https:\/\/www.bb.com.br\/irpf\" target=\"_blank\" rel=\"noreferrer noopener\">Portal BB<\/a>&nbsp;ou pelos telefones da&nbsp;<strong>Central de Relacionamento<\/strong>&nbsp;do banco. Se o valor n\u00e3o for resgatado ap\u00f3s um ano, o contribuinte deve solicitar a restitui\u00e7\u00e3o no&nbsp;<strong>Portal e-CAC<\/strong>, acessando a se\u00e7\u00e3o &#8220;Solicitar restitui\u00e7\u00e3o n\u00e3o resgatada na rede banc\u00e1ria&#8221;.<\/p>\n\n\n\n<p><em>Fonte: Ag\u00eancia Brasil<\/em><\/p>\n","protected":false},"excerpt":{"rendered":"<p>Cerca de 106 mil contribuintes que estavam na&nbsp;malha fina&nbsp;e regularizaram suas pend\u00eancias com o Fisco agora podem saber se ter\u00e3o direito \u00e0&nbsp;restitui\u00e7\u00e3o. A&nbsp;Receita Federal&nbsp;libera, \u00e0s 10h desta sexta-feira (21), a consulta ao lote da malha fina de fevereiro. Esse lote tamb\u00e9m inclui&nbsp;restitui\u00e7\u00f5es residuais&nbsp;de anos anteriores. No total, 105.919 contribuintes receber\u00e3o R$ 314,38 milh\u00f5es. Deste valor, [&hellip;]<\/p>\n","protected":false},"author":1,"featured_media":34,"comment_status":"open","ping_status":"open","sticky":false,"template":"","format":"standard","meta":{"footnotes":""},"categories":[3],"tags":[18,17],"class_list":["post-33","post","type-post","status-publish","format-standard","has-post-thumbnail","hentry","category-destaques","tag-malhafina","tag-receitafederal"],"_links":{"self":[{"href":"https:\/\/exemplo.lcreativedigital.com.br\/index.php?rest_route=\/wp\/v2\/posts\/33","targetHints":{"allow":["GET"]}}],"collection":[{"href":"https:\/\/exemplo.lcreativedigital.com.br\/index.php?rest_route=\/wp\/v2\/posts"}],"about":[{"href":"https:\/\/exemplo.lcreativedigital.com.br\/index.php?rest_route=\/wp\/v2\/types\/post"}],"author":[{"embeddable":true,"href":"https:\/\/exemplo.lcreativedigital.com.br\/index.php?rest_route=\/wp\/v2\/users\/1"}],"replies":[{"embeddable":true,"href":"https:\/\/exemplo.lcreativedigital.com.br\/index.php?rest_route=%2Fwp%2Fv2%2Fcomments&post=33"}],"version-history":[{"count":1,"href":"https:\/\/exemplo.lcreativedigital.com.br\/index.php?rest_route=\/wp\/v2\/posts\/33\/revisions"}],"predecessor-version":[{"id":35,"href":"https:\/\/exemplo.lcreativedigital.com.br\/index.php?rest_route=\/wp\/v2\/posts\/33\/revisions\/35"}],"wp:featuredmedia":[{"embeddable":true,"href":"https:\/\/exemplo.lcreativedigital.com.br\/index.php?rest_route=\/wp\/v2\/media\/34"}],"wp:attachment":[{"href":"https:\/\/exemplo.lcreativedigital.com.br\/index.php?rest_route=%2Fwp%2Fv2%2Fmedia&parent=33"}],"wp:term":[{"taxonomy":"category","embeddable":true,"href":"https:\/\/exemplo.lcreativedigital.com.br\/index.php?rest_route=%2Fwp%2Fv2%2Fcategories&post=33"},{"taxonomy":"post_tag","embeddable":true,"href":"https:\/\/exemplo.lcreativedigital.com.br\/index.php?rest_route=%2Fwp%2Fv2%2Ftags&post=33"}],"curies":[{"name":"wp","href":"https:\/\/api.w.org\/{rel}","templated":true}]}}