{"id":126,"date":"2025-02-25T21:36:08","date_gmt":"2025-02-25T21:36:08","guid":{"rendered":"https:\/\/exemplo.lcreativedigital.com.br\/?p=126"},"modified":"2025-02-25T21:36:11","modified_gmt":"2025-02-25T21:36:11","slug":"quem-e-o-universitario-baleado-por-pm-apos-ser-confundido-com-assaltante-no-rj","status":"publish","type":"post","link":"https:\/\/exemplo.lcreativedigital.com.br\/?p=126","title":{"rendered":"Quem \u00e9 o universit\u00e1rio baleado por PM ap\u00f3s ser confundido com assaltante no RJ"},"content":{"rendered":"\n<p>O universit\u00e1rio<strong>\u00a0Igor Melo de Carvalho<\/strong>, de 32 anos, foi baleado no Viaduto Jo\u00e3o XXIII, na Penha, Zona Norte do Rio de Janeiro, na madrugada de segunda-feira (24). Ele estava retornando para casa de moto quando foi atingido por disparos de um policial militar da reserva,\u00a0<strong>Carlos Alberto de Jesus<\/strong>, que alegou ter\u00a0<strong>confundido o estudante com um criminoso\u00a0<\/strong>envolvido no roubo do celular de sua esposa.<\/p>\n\n\n\n<p>Segundo relatos da fam\u00edlia, Igor estava trabalhando como gar\u00e7om na casa de samba Batuq e, ap\u00f3s o expediente, solicitou um transporte por aplicativo para ir para casa no bairro do Turia\u00e7u. Durante o trajeto, Igor percebeu que estava sendo seguido por outro ve\u00edculo, que, segundos depois, efetuou os disparos, atingindo o jovem e fazendo-o cair da moto.<\/p>\n\n\n\n<p>Ferido, Igor Melo conseguiu ligar para amigos de trabalho, que o socorreram e o levaram ao Hospital Estadual Get\u00falio Vargas, na Penha, onde o jovem permanece em estado grave. O universit\u00e1rio cursa publicidade e propaganda na Faculdade Celso Lisboa e trabalha tamb\u00e9m no portal Vitrine Esportiva.<\/p>\n\n\n\n<p>Fonte:portalodia<\/p>\n","protected":false},"excerpt":{"rendered":"<p>O universit\u00e1rio\u00a0Igor Melo de Carvalho, de 32 anos, foi baleado no Viaduto Jo\u00e3o XXIII, na Penha, Zona Norte do Rio de Janeiro, na madrugada de segunda-feira (24). Ele estava retornando para casa de moto quando foi atingido por disparos de um policial militar da reserva,\u00a0Carlos Alberto de Jesus, que alegou ter\u00a0confundido o estudante com um [&hellip;]<\/p>\n","protected":false},"author":1,"featured_media":127,"comment_status":"open","ping_status":"open","sticky":false,"template":"","format":"standard","meta":{"footnotes":""},"categories":[5],"tags":[],"class_list":["post-126","post","type-post","status-publish","format-standard","has-post-thumbnail","hentry","category-policial"],"_links":{"self":[{"href":"https:\/\/exemplo.lcreativedigital.com.br\/index.php?rest_route=\/wp\/v2\/posts\/126","targetHints":{"allow":["GET"]}}],"collection":[{"href":"https:\/\/exemplo.lcreativedigital.com.br\/index.php?rest_route=\/wp\/v2\/posts"}],"about":[{"href":"https:\/\/exemplo.lcreativedigital.com.br\/index.php?rest_route=\/wp\/v2\/types\/post"}],"author":[{"embeddable":true,"href":"https:\/\/exemplo.lcreativedigital.com.br\/index.php?rest_route=\/wp\/v2\/users\/1"}],"replies":[{"embeddable":true,"href":"https:\/\/exemplo.lcreativedigital.com.br\/index.php?rest_route=%2Fwp%2Fv2%2Fcomments&post=126"}],"version-history":[{"count":1,"href":"https:\/\/exemplo.lcreativedigital.com.br\/index.php?rest_route=\/wp\/v2\/posts\/126\/revisions"}],"predecessor-version":[{"id":128,"href":"https:\/\/exemplo.lcreativedigital.com.br\/index.php?rest_route=\/wp\/v2\/posts\/126\/revisions\/128"}],"wp:featuredmedia":[{"embeddable":true,"href":"https:\/\/exemplo.lcreativedigital.com.br\/index.php?rest_route=\/wp\/v2\/media\/127"}],"wp:attachment":[{"href":"https:\/\/exemplo.lcreativedigital.com.br\/index.php?rest_route=%2Fwp%2Fv2%2Fmedia&parent=126"}],"wp:term":[{"taxonomy":"category","embeddable":true,"href":"https:\/\/exemplo.lcreativedigital.com.br\/index.php?rest_route=%2Fwp%2Fv2%2Fcategories&post=126"},{"taxonomy":"post_tag","embeddable":true,"href":"https:\/\/exemplo.lcreativedigital.com.br\/index.php?rest_route=%2Fwp%2Fv2%2Ftags&post=126"}],"curies":[{"name":"wp","href":"https:\/\/api.w.org\/{rel}","templated":true}]}}