{"id":106,"date":"2025-02-24T23:26:55","date_gmt":"2025-02-24T23:26:55","guid":{"rendered":"https:\/\/exemplo.lcreativedigital.com.br\/?p=106"},"modified":"2025-02-24T23:26:57","modified_gmt":"2025-02-24T23:26:57","slug":"foi-inaugurado-nesta-terca-feira-3-o-rebaixamento-da-avenida-joao-xxiii-em-teresina","status":"publish","type":"post","link":"https:\/\/exemplo.lcreativedigital.com.br\/?p=106","title":{"rendered":"Foi inaugurado, nesta ter\u00e7a-feira (3), o rebaixamento da Avenida Jo\u00e3o XXIII, em Teresina."},"content":{"rendered":"\n<p>Em inaugura\u00e7\u00e3o do rebaixamento da Jo\u00e3o XXIII, ministro Renan Filho assegura R$ 1 bilh\u00e3o de investimentos para o Piau\u00ed<\/p>\n\n\n\n<h6 class=\"wp-block-heading\">Novo viaduto vai facilitar o tr\u00e2nsito de mais de 50 mil ve\u00edculos que trafegam por ali todos os dias.<\/h6>\n\n\n\n<p>Foi inaugurado, nesta ter\u00e7a-feira (3), o rebaixamento da Avenida Jo\u00e3o XXIII, em Teresina. Participaram do momento solene o governador Rafael Fonteles, acompanhado dos ministros Wellington Dias, do Desenvolvimento Social e Combate \u00e0 Fome, e Renan Filho, dos Transportes, al\u00e9m de Fabricio de Oliveira Galv\u00e3o, diretor-geral do Departamento Nacional de Infraestrutura de Transporte (Dnit). Na ocasi\u00e3o, Renan Filho assegurou R$1 bilh\u00e3o em investimentos para o Piau\u00ed oriundos da pasta.<\/p>\n\n\n\n<p>Pelo percurso, que liga a capital de uma zona a outra e a munic\u00edpios do norte do Piau\u00ed, circulam, em m\u00e9dia, 50 mil ve\u00edculos por dia: cerca de 30 mil em dire\u00e7\u00e3o a Altos e uma m\u00e9dia de 22 mil entre as zonas leste e sudeste. O gargalo do tr\u00e2nsito na regi\u00e3o antes contava com um bal\u00e3o e causava preju\u00edzos hist\u00f3ricos ao tr\u00e1fego de ve\u00edculos da regi\u00e3o, com demoras e congestionamentos. Agora, com o novo viaduto, sem interrompimento do fluxo, com pista em cima e embaixo, a expectativa \u00e9 que os motoristas economizem tempo ao volante. Para a constru\u00e7\u00e3o do rebaixamento, de responsabilidade do Dnit, foram investidos R$ 46 milh\u00f5es, gerando 150 empregos diretos.<\/p>\n\n\n\n<p>Fonte: portalsonoticias<\/p>\n","protected":false},"excerpt":{"rendered":"<p>Em inaugura\u00e7\u00e3o do rebaixamento da Jo\u00e3o XXIII, ministro Renan Filho assegura R$ 1 bilh\u00e3o de investimentos para o Piau\u00ed Novo viaduto vai facilitar o tr\u00e2nsito de mais de 50 mil ve\u00edculos que trafegam por ali todos os dias. Foi inaugurado, nesta ter\u00e7a-feira (3), o rebaixamento da Avenida Jo\u00e3o XXIII, em Teresina. Participaram do momento solene [&hellip;]<\/p>\n","protected":false},"author":1,"featured_media":107,"comment_status":"open","ping_status":"open","sticky":false,"template":"","format":"standard","meta":{"footnotes":""},"categories":[4],"tags":[27],"class_list":["post-106","post","type-post","status-publish","format-standard","has-post-thumbnail","hentry","category-politica","tag-teresina"],"_links":{"self":[{"href":"https:\/\/exemplo.lcreativedigital.com.br\/index.php?rest_route=\/wp\/v2\/posts\/106","targetHints":{"allow":["GET"]}}],"collection":[{"href":"https:\/\/exemplo.lcreativedigital.com.br\/index.php?rest_route=\/wp\/v2\/posts"}],"about":[{"href":"https:\/\/exemplo.lcreativedigital.com.br\/index.php?rest_route=\/wp\/v2\/types\/post"}],"author":[{"embeddable":true,"href":"https:\/\/exemplo.lcreativedigital.com.br\/index.php?rest_route=\/wp\/v2\/users\/1"}],"replies":[{"embeddable":true,"href":"https:\/\/exemplo.lcreativedigital.com.br\/index.php?rest_route=%2Fwp%2Fv2%2Fcomments&post=106"}],"version-history":[{"count":2,"href":"https:\/\/exemplo.lcreativedigital.com.br\/index.php?rest_route=\/wp\/v2\/posts\/106\/revisions"}],"predecessor-version":[{"id":109,"href":"https:\/\/exemplo.lcreativedigital.com.br\/index.php?rest_route=\/wp\/v2\/posts\/106\/revisions\/109"}],"wp:featuredmedia":[{"embeddable":true,"href":"https:\/\/exemplo.lcreativedigital.com.br\/index.php?rest_route=\/wp\/v2\/media\/107"}],"wp:attachment":[{"href":"https:\/\/exemplo.lcreativedigital.com.br\/index.php?rest_route=%2Fwp%2Fv2%2Fmedia&parent=106"}],"wp:term":[{"taxonomy":"category","embeddable":true,"href":"https:\/\/exemplo.lcreativedigital.com.br\/index.php?rest_route=%2Fwp%2Fv2%2Fcategories&post=106"},{"taxonomy":"post_tag","embeddable":true,"href":"https:\/\/exemplo.lcreativedigital.com.br\/index.php?rest_route=%2Fwp%2Fv2%2Ftags&post=106"}],"curies":[{"name":"wp","href":"https:\/\/api.w.org\/{rel}","templated":true}]}}